{"id":1441,"date":"2023-03-17T07:52:04","date_gmt":"2023-03-17T07:52:04","guid":{"rendered":"https:\/\/meremedvind.dk\/?p=1441"},"modified":"2023-03-17T16:32:10","modified_gmt":"2023-03-17T16:32:10","slug":"glem-sport-og-bevaegelse","status":"publish","type":"post","link":"https:\/\/meremedvind.cristinestorm.com\/index.php\/2023\/03\/17\/glem-sport-og-bevaegelse\/","title":{"rendered":"Glem sport og bev\u00e6gelse"},"content":{"rendered":"[et_pb_section admin_label=&#8221;section&#8221;]\n\t\t\t[et_pb_row admin_label=&#8221;row&#8221;]\n\t\t\t\t[et_pb_column type=&#8221;4_4&#8243;][et_pb_text admin_label=&#8221;Text&#8221;]\n<p class=\"wp-block-paragraph\">Cristine Storm Lassen \u00e6rgrer sig over, at idr\u00e6t er blevet et udsk\u00e6ldt begreb, der ofte erstattes af ord som \u2019sport\u2019 og \u2019bev\u00e6gelse\u2019. For idr\u00e6tten inkluderer alle, og skal vi have den tilbage i varmen, spiller tr\u00e6nerne en n\u00f8glerolle, mener hun.<\/p>\n\n\n\n<p class=\"wp-block-paragraph\">Sport bliver i dag brugt som synonym for idr\u00e6t, hvad enten det er bredde- eller eliteidr\u00e6t, der er tale om. M\u00e5ske er det blot en internalisering af ordet, der har fundet sted og en ureflekteret opfattelse af, at det betyder det samme som idr\u00e6t.\u00a0<\/p>\n\n\n\n<p class=\"wp-block-paragraph\">Det er b\u00e5de i hverdagssproget sport bliver brugt og i officielle sammenh\u00e6nge. Min lokale kommune har for eksempel valgt at navngive deres forholdsvis nyopf\u00f8rte idr\u00e6tspark efter tidens tendenser. Den har f\u00e5et kommunens navn efterfulgt af betegnelsen \u2019sportspark\u2019 fremfor \u2019idr\u00e6tspark\u2019.<\/p>\n\n\n\n<p class=\"wp-block-paragraph\">Hvis det blot drejede sig om en internalisering af ordet, s\u00e5 fred v\u00e6re med det, men det er desv\u00e6rre ikke tilf\u00e6ldet. Sport har modsat idr\u00e6t et indforst\u00e5et og ensidigt fokus p\u00e5 at vinde og v\u00e6re bedst. Der kan idr\u00e6tten heldigvis s\u00e5 meget mere.<\/p>\n\n\n\n<p class=\"wp-block-paragraph\">Idr\u00e6t rummer, at der er plads til alle, at vi er sammen om at v\u00e6re fysisk aktive, at vi samtidig har det sjovt og endvidere kan dygtigg\u00f8re os uden partout at skulle heroisere den bedste og trampe p\u00e5 den d\u00e5rligste. Samtidig med at tr\u00e6nere er sat i foreningslivet til at ud\u00f8ve social ansvarlighed og skabe et trygt f\u00e6llesskab.<\/p>\n\n\n\n<p class=\"wp-block-paragraph\">Idr\u00e6t er et unikt ord i det danske sprog, som vi er heldige at have, og som i den grad har r\u00f8dder i vores m\u00e5de at inddele og organisere idr\u00e6t p\u00e5: Det frivillige foreningsliv. Deraf har idr\u00e6t blandt andet sin vigtige berettigelse frem for ordet \u2019sport\u2019. Det er en helt s\u00e6rlig m\u00e5de at organisere idr\u00e6tten p\u00e5, som er sj\u00e6ldent set i andre lande.&nbsp;<\/p>\n\n\n\n<h3 class=\"wp-block-heading\">Idr\u00e6t forbudt<\/h3>\n\n\n\n<p class=\"wp-block-paragraph\">I takt med, at idr\u00e6t er forsvundet ud af dagligdagssproget, og vi per automatik itales\u00e6tter, at vi eller vores b\u00f8rn g\u00e5r til sport i stedet for idr\u00e6t, er konsekvensen, at vi skubber fokus v\u00e6k fra netop det, som idr\u00e6t rummer: At v\u00e6re fysisk aktiv uden, at det er resultatet, som er styrende for aktiviteten.<\/p>\n\n\n\n<p class=\"wp-block-paragraph\">Formentlig som en modreaktion til sport har begrebet \u2019bev\u00e6gelse\u2019 f\u00e5et opm\u00e6rksomhed. T\u00e6nk bare p\u00e5 kampagner som \u2019Bev\u00e6g dig for livet\u2019 og ordet \u2019bev\u00e6gelsesgl\u00e6de\u2019. Et ord, som er blevet det eneste rigtige at bruge, n\u00e5r man taler om, at b\u00f8rn og unge skal v\u00e6re fysisk aktive.<\/p>\n\n\n\n<p class=\"wp-block-paragraph\">I de kredse, hvor man foretr\u00e6kker ordet bev\u00e6gelse, oplever jeg, at det er strengt forbudt at snige idr\u00e6t ind i konteksten. Det er farligt at konkurrere, er et af argumenterne. Vi m\u00e5 huske dem, der ikke kan lide at konkurrere, og som engang har f\u00e5et et nederlag af at dyrke idr\u00e6t, lyder det.<\/p>\n\n\n\n<p class=\"wp-block-paragraph\">Men substansen i \u2019bev\u00e6gelsesgl\u00e6de\u2019 er desv\u00e6rre begr\u00e6nset. Vi mennesker er som udgangspunkt dovne, og h\u00e5rdt arbejde afholder vi os helst fra. T\u00e6nk bare p\u00e5, hvor sv\u00e6rt det er at komme ud ad d\u00f8ren til l\u00f8beturen, og hvordan vi fort\u00e6ller os selv og andre, at det f\u00f8rst er godt bagefter.<\/p>\n\n\n\n<p class=\"wp-block-paragraph\">For de, som helliger sig bev\u00e6gelsesbegrebet, er det v\u00e6rd at huske, at konkurrence og resultater sagtens kan v\u00e6re sjovt, dannende og udviklende for b\u00f8rn og unge. Vel og m\u00e6rke uden at der g\u00e5r sport i den, men idr\u00e6t.<\/p>\n\n\n\n<h3 class=\"wp-block-heading\">Der skal fokus p\u00e5 trivsel og idr\u00e6tsgl\u00e6de<\/h3>\n\n\n\n<p class=\"wp-block-paragraph\">Vi har brug for at f\u00e5 idr\u00e6tten tilbage. Vi har brug for fastholdelse f\u00f8r rekruttering. Det er synd og skam, at der er postet millioner af penge i kampagner som \u2019Bev\u00e6g dig for livet\u2019. En kampagne som dybest set er en rekrutteringskampagne.<\/p>\n\n\n\n<p class=\"wp-block-paragraph\">Resultatet for kampagnen bliver beskedent, og det er ikke nogen overraskelse, for det giver ingen mening at finde nye ud\u00f8vere til aktiviteten, hvis aktiviteten ikke er b\u00e6redygtig i l\u00e6ngden. I stedet for at have fokus p\u00e5 at rekruttere og dermed fors\u00f8ge at f\u00e5 flere til at bev\u00e6ge sig, s\u00e5 burde vi alle kigge p\u00e5 selve kvaliteten i de rammer, der er sat for bev\u00e6gelse. Her er vi tilbage ved idr\u00e6tten, der b\u00f8r s\u00e6ttes i centrum.<\/p>\n\n\n\n<p class=\"wp-block-paragraph\">Idr\u00e6tten, som i h\u00f8j grad har brug for en opkvalificering i form af fokus p\u00e5 ikke kun trivsel, men ogs\u00e5 idr\u00e6tsgl\u00e6de. Samtidig er der brug for en distancering til f\u00e6nomenerne sport og bev\u00e6gelse og i stedet at arbejde hen mod, at det blandt andet er udvikling, der skaber lysten til at blive ved og ikke selve resultatet eller det at bev\u00e6ge sig.<\/p>\n\n\n\n<h3 class=\"wp-block-heading\">Tr\u00e6nerne er afg\u00f8rende<\/h3>\n\n\n\n<p class=\"wp-block-paragraph\">Det store sp\u00f8rgsm\u00e5l er nu, hvordan vi f\u00e5r bev\u00e6get os den vej?<\/p>\n\n\n\n<p class=\"wp-block-paragraph\">Der er altid flere omr\u00e5der, man kan gribe fat i, men det relevante er at gribe ud efter det, der vil give den st\u00f8rste effekt. Her er det min overbevisning, at tr\u00e6nerne spiller en afg\u00f8rende rolle. Det er dem, der har mest kontakt til ud\u00f8verne, og dermed ogs\u00e5 dem, som har st\u00f8rst andel i at g\u00f8re en forskel for ud\u00f8verne.<\/p>\n\n\n\n<p class=\"wp-block-paragraph\">Der findes heldigvis rigtig mange dygtige tr\u00e6nere derude, som g\u00f8r et eminent stykke arbejde. Dem er jeg st\u00f8dt ind i flere gange, og det er en forn\u00f8jelse at v\u00e6re vidne til.&nbsp;<\/p>\n\n\n\n<p class=\"wp-block-paragraph\">At v\u00e6re tr\u00e6ner er yderst komplekst i mine \u00f8jne. Det er det, fordi tr\u00e6nere har med mennesker at g\u00f8re, endda b\u00f8rn og unge. Det er derfor afg\u00f8rende, at tr\u00e6nerne er kvalificerede og uddannet til at h\u00e5ndtere og leve sig ind ud\u00f8verne og f\u00e5 tingene til at g\u00e5 op i en h\u00f8jere enhed, s\u00e5 alle ud\u00f8vere oplever, at det meningsfuldt at dyrke idr\u00e6t.<\/p>\n\n\n\n<p class=\"wp-block-paragraph\">Der skal mere til end at v\u00e6re en dygtig ud\u00f8ver, f\u00f8r man er en god tr\u00e6ner. Idr\u00e6tten har brug for tr\u00e6nere, der er kvalificerede til at tage sig af hele ud\u00f8veren og ikke kun det pr\u00e6stationsm\u00e6ssige. Det giver glade medlemmer i idr\u00e6tten, og derfra er det verden til forskel at f\u00e5 en succesfuld rekrutteringsproces og s\u00e5ledes n\u00e5 m\u00e5let om at blive verdens mest aktive nation i 2025.<\/p>\n\n\n\n<p class=\"wp-block-paragraph\">Idr\u00e6tten er inkluderende og den inkluderer ogs\u00e5 b\u00e5de sport og bev\u00e6gelse. Lad derfor trygt idr\u00e6tten v\u00e6re frontfigur.<\/p>\n\n\n\n<p class=\"wp-block-paragraph\">Debatindl\u00e6gget blev bragt i Idr\u00e6tsmonitor og kan l\u00e6ses <a href=\"https:\/\/idraetsmonitor.dk\/debat\/art9097345\/Glem-sport-og-bev\u00e6gelse-\u2013-vi-har-brug-for-at-f\u00e5-idr\u00e6tten-tilbage\">her<\/a>.<\/p>\n[\/et_pb_text][\/et_pb_column]\n\t\t\t[\/et_pb_row]\n\t\t[\/et_pb_section]","protected":false},"excerpt":{"rendered":"<p>Cristine Storm Lassen \u00e6rgrer sig over, at idr\u00e6t er blevet et udsk\u00e6ldt begreb, der ofte erstattes af ord som \u2019sport\u2019 og \u2019bev\u00e6gelse\u2019. For idr\u00e6tten inkluderer alle, og skal vi have den tilbage i varmen, spiller tr\u00e6nerne en n\u00f8glerolle, mener hun. Sport bliver i dag brugt som synonym for idr\u00e6t, hvad enten det er bredde- eller [&hellip;]<\/p>\n","protected":false},"author":1,"featured_media":1506,"comment_status":"open","ping_status":"open","sticky":false,"template":"","format":"standard","meta":{"_et_pb_use_builder":"on","_et_pb_old_content":"<!-- wp:paragraph -->\n<p>Cristine Storm Lassen \u00e6rgrer sig over, at idr\u00e6t er blevet et udsk\u00e6ldt begreb, der ofte erstattes af ord som \u2019sport\u2019 og \u2019bev\u00e6gelse\u2019. For idr\u00e6tten inkluderer alle, og skal vi have den tilbage i varmen, spiller tr\u00e6nerne en n\u00f8glerolle, mener hun.<\/p>\n<!-- \/wp:paragraph -->\n\n<!-- wp:paragraph -->\n<p>Sport bliver i dag brugt som synonym for idr\u00e6t, hvad enten det er bredde- eller eliteidr\u00e6t, der er tale om. M\u00e5ske er det blot en internalisering af ordet, der har fundet sted og en ureflekteret opfattelse af, at det betyder det samme som idr\u00e6t.\u00a0<\/p>\n<!-- \/wp:paragraph -->\n\n<!-- wp:paragraph -->\n<p>Det er b\u00e5de i hverdagssproget sport bliver brugt og i officielle sammenh\u00e6nge. Min lokale kommune har for eksempel valgt at navngive deres forholdsvis nyopf\u00f8rte idr\u00e6tspark efter tidens tendenser. Den har f\u00e5et kommunens navn efterfulgt af betegnelsen \u2019sportspark\u2019 fremfor \u2019idr\u00e6tspark\u2019.<\/p>\n<!-- \/wp:paragraph -->\n\n<!-- wp:paragraph -->\n<p>Hvis det blot drejede sig om en internalisering af ordet, s\u00e5 fred v\u00e6re med det, men det er desv\u00e6rre ikke tilf\u00e6ldet. Sport har modsat idr\u00e6t et indforst\u00e5et og ensidigt fokus p\u00e5 at vinde og v\u00e6re bedst. Der kan idr\u00e6tten heldigvis s\u00e5 meget mere.<\/p>\n<!-- \/wp:paragraph -->\n\n<!-- wp:paragraph -->\n<p>Idr\u00e6t rummer, at der er plads til alle, at vi er sammen om at v\u00e6re fysisk aktive, at vi samtidig har det sjovt og endvidere kan dygtigg\u00f8re os uden partout at skulle heroisere den bedste og trampe p\u00e5 den d\u00e5rligste. Samtidig med at tr\u00e6nere er sat i foreningslivet til at ud\u00f8ve social ansvarlighed og skabe et trygt f\u00e6llesskab.<\/p>\n<!-- \/wp:paragraph -->\n\n<!-- wp:paragraph -->\n<p>Idr\u00e6t er et unikt ord i det danske sprog, som vi er heldige at have, og som i den grad har r\u00f8dder i vores m\u00e5de at inddele og organisere idr\u00e6t p\u00e5: Det frivillige foreningsliv. Deraf har idr\u00e6t blandt andet sin vigtige berettigelse frem for ordet \u2019sport\u2019. Det er en helt s\u00e6rlig m\u00e5de at organisere idr\u00e6tten p\u00e5, som er sj\u00e6ldent set i andre lande.&nbsp;<\/p>\n<!-- \/wp:paragraph -->\n\n<!-- wp:heading {\"level\":3} -->\n<h3>Idr\u00e6t forbudt<\/h3>\n<!-- \/wp:heading -->\n\n<!-- wp:paragraph -->\n<p>I takt med, at idr\u00e6t er forsvundet ud af dagligdagssproget, og vi per automatik itales\u00e6tter, at vi eller vores b\u00f8rn g\u00e5r til sport i stedet for idr\u00e6t, er konsekvensen, at vi skubber fokus v\u00e6k fra netop det, som idr\u00e6t rummer: At v\u00e6re fysisk aktiv uden, at det er resultatet, som er styrende for aktiviteten.<\/p>\n<!-- \/wp:paragraph -->\n\n<!-- wp:paragraph -->\n<p>Formentlig som en modreaktion til sport har begrebet \u2019bev\u00e6gelse\u2019 f\u00e5et opm\u00e6rksomhed. T\u00e6nk bare p\u00e5 kampagner som \u2019Bev\u00e6g dig for livet\u2019 og ordet \u2019bev\u00e6gelsesgl\u00e6de\u2019. Et ord, som er blevet det eneste rigtige at bruge, n\u00e5r man taler om, at b\u00f8rn og unge skal v\u00e6re fysisk aktive.<\/p>\n<!-- \/wp:paragraph -->\n\n<!-- wp:paragraph -->\n<p>I de kredse, hvor man foretr\u00e6kker ordet bev\u00e6gelse, oplever jeg, at det er strengt forbudt at snige idr\u00e6t ind i konteksten. Det er farligt at konkurrere, er et af argumenterne. Vi m\u00e5 huske dem, der ikke kan lide at konkurrere, og som engang har f\u00e5et et nederlag af at dyrke idr\u00e6t, lyder det.<\/p>\n<!-- \/wp:paragraph -->\n\n<!-- wp:paragraph -->\n<p>Men substansen i \u2019bev\u00e6gelsesgl\u00e6de\u2019 er desv\u00e6rre begr\u00e6nset. Vi mennesker er som udgangspunkt dovne, og h\u00e5rdt arbejde afholder vi os helst fra. T\u00e6nk bare p\u00e5, hvor sv\u00e6rt det er at komme ud ad d\u00f8ren til l\u00f8beturen, og hvordan vi fort\u00e6ller os selv og andre, at det f\u00f8rst er godt bagefter.<\/p>\n<!-- \/wp:paragraph -->\n\n<!-- wp:paragraph -->\n<p>For de, som helliger sig bev\u00e6gelsesbegrebet, er det v\u00e6rd at huske, at konkurrence og resultater sagtens kan v\u00e6re sjovt, dannende og udviklende for b\u00f8rn og unge. Vel og m\u00e6rke uden at der g\u00e5r sport i den, men idr\u00e6t.<\/p>\n<!-- \/wp:paragraph -->\n\n<!-- wp:heading {\"level\":3} -->\n<h3>Der skal fokus p\u00e5 trivsel og idr\u00e6tsgl\u00e6de<\/h3>\n<!-- \/wp:heading -->\n\n<!-- wp:paragraph -->\n<p>Vi har brug for at f\u00e5 idr\u00e6tten tilbage. Vi har brug for fastholdelse f\u00f8r rekruttering. Det er synd og skam, at der er postet millioner af penge i kampagner som \u2019Bev\u00e6g dig for livet\u2019. En kampagne som dybest set er en rekrutteringskampagne.<\/p>\n<!-- \/wp:paragraph -->\n\n<!-- wp:paragraph -->\n<p>Resultatet for kampagnen bliver beskedent, og det er ikke nogen overraskelse, for det giver ingen mening at finde nye ud\u00f8vere til aktiviteten, hvis aktiviteten ikke er b\u00e6redygtig i l\u00e6ngden. I stedet for at have fokus p\u00e5 at rekruttere og dermed fors\u00f8ge at f\u00e5 flere til at bev\u00e6ge sig, s\u00e5 burde vi alle kigge p\u00e5 selve kvaliteten i de rammer, der er sat for bev\u00e6gelse. Her er vi tilbage ved idr\u00e6tten, der b\u00f8r s\u00e6ttes i centrum.<\/p>\n<!-- \/wp:paragraph -->\n\n<!-- wp:paragraph -->\n<p>Idr\u00e6tten, som i h\u00f8j grad har brug for en opkvalificering i form af fokus p\u00e5 ikke kun trivsel, men ogs\u00e5 idr\u00e6tsgl\u00e6de. Samtidig er der brug for en distancering til f\u00e6nomenerne sport og bev\u00e6gelse og i stedet at arbejde hen mod, at det blandt andet er udvikling, der skaber lysten til at blive ved og ikke selve resultatet eller det at bev\u00e6ge sig.<\/p>\n<!-- \/wp:paragraph -->\n\n<!-- wp:heading {\"level\":3} -->\n<h3>Tr\u00e6nerne er afg\u00f8rende<\/h3>\n<!-- \/wp:heading -->\n\n<!-- wp:paragraph -->\n<p>Det store sp\u00f8rgsm\u00e5l er nu, hvordan vi f\u00e5r bev\u00e6get os den vej?<\/p>\n<!-- \/wp:paragraph -->\n\n<!-- wp:paragraph -->\n<p>Der er altid flere omr\u00e5der, man kan gribe fat i, men det relevante er at gribe ud efter det, der vil give den st\u00f8rste effekt. Her er det min overbevisning, at tr\u00e6nerne spiller en afg\u00f8rende rolle. Det er dem, der har mest kontakt til ud\u00f8verne, og dermed ogs\u00e5 dem, som har st\u00f8rst andel i at g\u00f8re en forskel for ud\u00f8verne.<\/p>\n<!-- \/wp:paragraph -->\n\n<!-- wp:paragraph -->\n<p>Der findes heldigvis rigtig mange dygtige tr\u00e6nere derude, som g\u00f8r et eminent stykke arbejde. Dem er jeg st\u00f8dt ind i flere gange, og det er en forn\u00f8jelse at v\u00e6re vidne til.&nbsp;<\/p>\n<!-- \/wp:paragraph -->\n\n<!-- wp:paragraph -->\n<p>At v\u00e6re tr\u00e6ner er yderst komplekst i mine \u00f8jne. Det er det, fordi tr\u00e6nere har med mennesker at g\u00f8re, endda b\u00f8rn og unge. Det er derfor afg\u00f8rende, at tr\u00e6nerne er kvalificerede og uddannet til at h\u00e5ndtere og leve sig ind ud\u00f8verne og f\u00e5 tingene til at g\u00e5 op i en h\u00f8jere enhed, s\u00e5 alle ud\u00f8vere oplever, at det meningsfuldt at dyrke idr\u00e6t.<\/p>\n<!-- \/wp:paragraph -->\n\n<!-- wp:paragraph -->\n<p>Der skal mere til end at v\u00e6re en dygtig ud\u00f8ver, f\u00f8r man er en god tr\u00e6ner. Idr\u00e6tten har brug for tr\u00e6nere, der er kvalificerede til at tage sig af hele ud\u00f8veren og ikke kun det pr\u00e6stationsm\u00e6ssige. Det giver glade medlemmer i idr\u00e6tten, og derfra er det verden til forskel at f\u00e5 en succesfuld rekrutteringsproces og s\u00e5ledes n\u00e5 m\u00e5let om at blive verdens mest aktive nation i 2025.<\/p>\n<!-- \/wp:paragraph -->\n\n<!-- wp:paragraph -->\n<p>Idr\u00e6tten er inkluderende og den inkluderer ogs\u00e5 b\u00e5de sport og bev\u00e6gelse. Lad derfor trygt idr\u00e6tten v\u00e6re frontfigur.<\/p>\n<!-- \/wp:paragraph -->\n\n<!-- wp:paragraph -->\n<p>Debatindl\u00e6gget blev bragt i Idr\u00e6tsmonitor og kan l\u00e6ses <a href=\"https:\/\/idraetsmonitor.dk\/debat\/art9097345\/Glem-sport-og-bev\u00e6gelse-\u2013-vi-har-brug-for-at-f\u00e5-idr\u00e6tten-tilbage\">her<\/a>.<\/p>\n<!-- \/wp:paragraph -->","_et_gb_content_width":"","footnotes":""},"categories":[1],"tags":[15,16],"class_list":["post-1441","post","type-post","status-publish","format-standard","has-post-thumbnail","hentry","category-sport","tag-idraet","tag-idraetsmonitor"],"_links":{"self":[{"href":"https:\/\/meremedvind.cristinestorm.com\/index.php\/wp-json\/wp\/v2\/posts\/1441","targetHints":{"allow":["GET"]}}],"collection":[{"href":"https:\/\/meremedvind.cristinestorm.com\/index.php\/wp-json\/wp\/v2\/posts"}],"about":[{"href":"https:\/\/meremedvind.cristinestorm.com\/index.php\/wp-json\/wp\/v2\/types\/post"}],"author":[{"embeddable":true,"href":"https:\/\/meremedvind.cristinestorm.com\/index.php\/wp-json\/wp\/v2\/users\/1"}],"replies":[{"embeddable":true,"href":"https:\/\/meremedvind.cristinestorm.com\/index.php\/wp-json\/wp\/v2\/comments?post=1441"}],"version-history":[{"count":8,"href":"https:\/\/meremedvind.cristinestorm.com\/index.php\/wp-json\/wp\/v2\/posts\/1441\/revisions"}],"predecessor-version":[{"id":1538,"href":"https:\/\/meremedvind.cristinestorm.com\/index.php\/wp-json\/wp\/v2\/posts\/1441\/revisions\/1538"}],"wp:featuredmedia":[{"embeddable":true,"href":"https:\/\/meremedvind.cristinestorm.com\/index.php\/wp-json\/wp\/v2\/media\/1506"}],"wp:attachment":[{"href":"https:\/\/meremedvind.cristinestorm.com\/index.php\/wp-json\/wp\/v2\/media?parent=1441"}],"wp:term":[{"taxonomy":"category","embeddable":true,"href":"https:\/\/meremedvind.cristinestorm.com\/index.php\/wp-json\/wp\/v2\/categories?post=1441"},{"taxonomy":"post_tag","embeddable":true,"href":"https:\/\/meremedvind.cristinestorm.com\/index.php\/wp-json\/wp\/v2\/tags?post=1441"}],"curies":[{"name":"wp","href":"https:\/\/api.w.org\/{rel}","templated":true}]}}